{"id":251756,"date":"2021-01-13T17:30:27","date_gmt":"2021-01-13T17:30:27","guid":{"rendered":"http:\/\/fincasolmark.com\/?p=251756"},"modified":"2023-11-24T21:40:41","modified_gmt":"2023-11-24T20:40:41","slug":"finca-solmark-entrevista-a-maria-luisa-garcia","status":"publish","type":"post","link":"https:\/\/fincasolmark.com\/es\/finca-solmark-entrevista-a-maria-luisa-garcia\/","title":{"rendered":"Finca Solmark entrevista a Mar\u00eda Luisa Garc\u00eda"},"content":{"rendered":"<p>[et_pb_section fb_built=\u00bb1&#8243; _builder_version=\u00bb4.7.7&#8243; background_image=\u00bbhttp:\/\/fincasolmark.com\/wp-content\/uploads\/2021\/01\/finca_solmark-entrevista-maria-luisa-garcia-cab.jpg\u00bb custom_padding=\u00bb705px||226px|||\u00bb hover_enabled=\u00bb0&#8243; alt=\u00bbEntrevista Mar\u00eda Luisa Garc\u00eda &#8211; Finca Solmark\u00bb title_text=\u00bbfinca_solmark-entrevista-maria-luisa-garcia-cab\u00bb sticky_enabled=\u00bb0&#8243;][\/et_pb_section][et_pb_section fb_built=\u00bb1&#8243; custom_padding_last_edited=\u00bbon|phone\u00bb admin_label=\u00bbSection\u00bb _builder_version=\u00bb3.29.3&#8243; background_enable_color=\u00bboff\u00bb custom_padding=\u00bb||3px|||\u00bb custom_padding_tablet=\u00bb50px|0|0px|0|false|false\u00bb custom_padding_phone=\u00bb\u00bb transparent_background=\u00bboff\u00bb make_fullwidth=\u00bboff\u00bb use_custom_width=\u00bboff\u00bb width_unit=\u00bbon\u00bb][et_pb_row column_structure=\u00bb1_3,2_3&#8243; padding_mobile=\u00bbon\u00bb column_padding_mobile=\u00bbon\u00bb admin_label=\u00bbrow\u00bb _builder_version=\u00bb3.25&#8243; background_size=\u00bbinitial\u00bb background_position=\u00bbtop_left\u00bb background_repeat=\u00bbrepeat\u00bb custom_padding=\u00bb0px||5px|||\u00bb make_fullwidth=\u00bboff\u00bb use_custom_width=\u00bboff\u00bb width_unit=\u00bbon\u00bb][et_pb_column type=\u00bb1_3&#8243; _builder_version=\u00bb3.25&#8243; custom_padding=\u00bb|||\u00bb custom_padding__hover=\u00bb|||\u00bb][et_pb_text admin_label=\u00bbText\u00bb _builder_version=\u00bb4.7.7&#8243; text_font=\u00bb||||||||\u00bb text_text_color=\u00bb#323232&#8243; text_font_size=\u00bb5vw\u00bb text_line_height=\u00bb1.1em\u00bb background_size=\u00bbinitial\u00bb background_position=\u00bbtop_left\u00bb background_repeat=\u00bbrepeat\u00bb custom_margin=\u00bb0px||0px|\u00bb text_font_size_tablet=\u00bb9vw\u00bb text_font_size_phone=\u00bb13vw\u00bb text_font_size_last_edited=\u00bbon|desktop\u00bb use_border_color=\u00bboff\u00bb border_color=\u00bb#ffffff\u00bb border_style=\u00bbsolid\u00bb]<\/p>\n<p>13<\/p>\n<p>[\/et_pb_text][et_pb_divider color=\u00bb#aeaeac\u00bb admin_label=\u00bbDivider\u00bb _builder_version=\u00bb3.2&#8243; custom_css_main_element=\u00bbwidth:20px;\u00bb hide_on_mobile=\u00bboff\u00bb][\/et_pb_divider][et_pb_text admin_label=\u00bbText\u00bb _builder_version=\u00bb4.7.7&#8243; text_font=\u00bb|700|||||||\u00bb text_text_color=\u00bb#363636&#8243; text_font_size=\u00bb18&#8243; background_size=\u00bbinitial\u00bb background_position=\u00bbtop_left\u00bb background_repeat=\u00bbrepeat\u00bb custom_margin=\u00bb-10px||0px|\u00bb use_border_color=\u00bboff\u00bb border_color=\u00bb#ffffff\u00bb border_style=\u00bbsolid\u00bb]<\/p>\n<p>Enero, 2021<\/p>\n<p>[\/et_pb_text][\/et_pb_column][et_pb_column type=\u00bb2_3&#8243; _builder_version=\u00bb3.25&#8243; custom_padding=\u00bb|||\u00bb custom_padding__hover=\u00bb|||\u00bb][et_pb_text admin_label=\u00bbText\u00bb _builder_version=\u00bb4.7.7&#8243; text_font=\u00bbLibre Franklin||||||||\u00bb text_text_color=\u00bb#02b875&#8243; header_font=\u00bbLibre Franklin||||||||\u00bb header_text_color=\u00bb#ad9a6b\u00bb background_size=\u00bbinitial\u00bb background_position=\u00bbtop_left\u00bb background_repeat=\u00bbrepeat\u00bb min_height=\u00bb45px\u00bb custom_margin=\u00bb20px||-10px|||\u00bb custom_padding=\u00bb||0px|||\u00bb use_border_color=\u00bboff\u00bb border_color=\u00bb#ffffff\u00bb border_style=\u00bbsolid\u00bb]<\/p>\n<h1><strong>Finca Solmark entrevista a Mar\u00eda Luisa Garc\u00eda<br \/>\n<\/strong><\/h1>\n<p>[\/et_pb_text][et_pb_divider _builder_version=\u00bb3.29.2&#8243; custom_margin=\u00bb||-7px|||\u00bb][\/et_pb_divider][\/et_pb_column][\/et_pb_row][et_pb_row _builder_version=\u00bb4.7.3&#8243; _module_preset=\u00bbdefault\u00bb][et_pb_column type=\u00bb4_4&#8243; _builder_version=\u00bb4.7.3&#8243; _module_preset=\u00bbdefault\u00bb][et_pb_text admin_label=\u00bbText\u00bb _builder_version=\u00bb4.7.7&#8243; text_font=\u00bb||||||||\u00bb text_text_color=\u00bb#363636&#8243; text_font_size=\u00bb1.2vw\u00bb text_line_height=\u00bb1.4em\u00bb background_size=\u00bbinitial\u00bb background_position=\u00bbtop_left\u00bb background_repeat=\u00bbrepeat\u00bb custom_margin=\u00bb10px||0px|\u00bb custom_padding=\u00bb25px||5px|||\u00bb text_font_size_tablet=\u00bb2.3vw\u00bb text_font_size_phone=\u00bb3.7vw\u00bb text_font_size_last_edited=\u00bbon|phone\u00bb use_border_color=\u00bboff\u00bb border_color=\u00bb#ffffff\u00bb border_style=\u00bbsolid\u00bb]Cuenta con una formaci\u00f3n y una trayectoria profesional brillantes. Le apasiona transformar ideas en modelos de negocio rentables, escalables y recurrentes. Es ingeniera industrial, m\u00e1ster en redes de telecomunicaciones, cuenta con estudios de doctorado y es Diplomada en Alta Direcci\u00f3n, diplomada en Buen Gobierno Corporativo por el Instituto de Consejeros y Administradores, y Coach Ejecutivo.<\/p>\n<p>Es Presidenta de AABAN (Asociaci\u00f3n Andaluza de Business Angels Networks) y socia de numerosas empresas vinculadas a la nueva econom\u00eda como Smart Protection, Bubocar, Openhealthcare, o Innwelt entre otras.<\/p>\n<p>Es Vicepresidenta de MasIndustria (Asociaci\u00f3n para la promoci\u00f3n de la industria en Andaluc\u00eda) y fue fundadora de Ad4kids, vendida en 2015 a la multinacional brit\u00e1nica Superawesome Ltd y socia de QaShops, vendida a VentaPrivee\/ Privalia en 2018.<\/p>\n<p>Fue socia fundadora de Southup Ventures vinculada a empresas como Chekin, DNAactive, o MOX entre otras.<\/p>\n<p>Adicionalmente ha desarrollado su carrera profesional en Alemania, Inglaterra y Espa\u00f1a, en el \u00e1mbito de la tecnolog\u00eda, habiendo sido Directiva de Siemens, Lucent Technologies, el operador de telecomunicaciones Supercable, Auna y de la Agrupaci\u00f3n Empresarial DeSevilla, adem\u00e1s de Emasesa.<\/p>\n<p>Participa\/ ha participado en distintos consejos de administraci\u00f3n de empresas tecnol\u00f3gicas, Asociaciones y Patronatos de Fundaciones vinculadas a la tecnolog\u00eda y la innovaci\u00f3n.<\/p>\n<p>Es Profesora de la escuela de negocios EOI en el \u00e1mbito de Modelos de Negocio e inversi\u00f3n semilla.<\/p>\n<p>Casada y madre de una hija, le entusiasman los deportes al aire libre, practicando habitualmente esqu\u00ed, equitaci\u00f3n, senderismo y tenis.<\/p>\n<p>Hoy entrevistamos a Mar\u00eda Luisa Garc\u00eda.[\/et_pb_text][\/et_pb_column][\/et_pb_row][et_pb_row _builder_version=\u00bb4.2.2&#8243; custom_padding=\u00bb15px||17px|||\u00bb][et_pb_column type=\u00bb4_4&#8243; _builder_version=\u00bb4.2.2&#8243;][et_pb_text admin_label=\u00bbText\u00bb _builder_version=\u00bb4.7.7&#8243; text_font=\u00bb||||||||\u00bb text_text_color=\u00bb#363636&#8243; text_font_size=\u00bb1.2vw\u00bb text_line_height=\u00bb1.4em\u00bb background_size=\u00bbinitial\u00bb background_position=\u00bbtop_left\u00bb background_repeat=\u00bbrepeat\u00bb custom_margin=\u00bb13px||7px||false|false\u00bb custom_margin_tablet=\u00bb0%||||false|false\u00bb custom_margin_phone=\u00bb\u00bb custom_margin_last_edited=\u00bbon|desktop\u00bb custom_padding=\u00bb0px||0px||false|false\u00bb text_font_size_tablet=\u00bb2.3vw\u00bb text_font_size_phone=\u00bb3.7vw\u00bb text_font_size_last_edited=\u00bbon|phone\u00bb use_border_color=\u00bboff\u00bb border_color=\u00bb#ffffff\u00bb border_style=\u00bbsolid\u00bb]<\/p>\n<ul>\n<li><strong>Como Presidenta de la Asociaci\u00f3n Andaluza de Business Angel (Aaban), \u00bfc\u00f3mo est\u00e1s viviendo la situaci\u00f3n actual de la pandemia?<\/strong><\/li>\n<\/ul>\n<p>Lo cierto es que en Aaban no hemos tenido apenas impacto por la pandemia. De hecho, a lo largo del a\u00f1o se han estado realizando rondas de inversi\u00f3n como es habitual e incorpor\u00e1ndose nuevos socios. En cuanto a nuestro portfolio de empresas, todas tienen un componente tecnol\u00f3gico o digital importante, con lo cual en general han resultado fortalecidas por la pandemia.[\/et_pb_text][\/et_pb_column][\/et_pb_row][et_pb_row column_structure=\u00bb1_2,1_2&#8243; _builder_version=\u00bb4.7.3&#8243; _module_preset=\u00bbdefault\u00bb][et_pb_column type=\u00bb1_2&#8243; _builder_version=\u00bb4.7.3&#8243; _module_preset=\u00bbdefault\u00bb][et_pb_image src=\u00bbhttp:\/\/fincasolmark.com\/wp-content\/uploads\/2021\/01\/IMG_0750.jpeg\u00bb alt=\u00bbVisita guiada Caminito del rey &#8211; Finca Solmark\u00bb title_text=\u00bbIMG_0750&#8243; align=\u00bbcenter\u00bb _builder_version=\u00bb4.7.7&#8243; max_width=\u00bb100%\u00bb module_alignment=\u00bbcenter\u00bb custom_margin=\u00bb0px|||||\u00bb custom_padding=\u00bb35px|||||\u00bb box_shadow_style=\u00bbpreset1&#8243;][\/et_pb_image][\/et_pb_column][et_pb_column type=\u00bb1_2&#8243; _builder_version=\u00bb4.7.3&#8243; _module_preset=\u00bbdefault\u00bb][et_pb_text admin_label=\u00bbText\u00bb _builder_version=\u00bb4.7.7&#8243; text_font=\u00bb||||||||\u00bb text_text_color=\u00bb#363636&#8243; text_font_size=\u00bb1.2vw\u00bb text_line_height=\u00bb1.4em\u00bb background_size=\u00bbinitial\u00bb background_position=\u00bbtop_left\u00bb background_repeat=\u00bbrepeat\u00bb custom_margin=\u00bb28px||7px||false|false\u00bb custom_margin_tablet=\u00bb0%||||false|false\u00bb custom_margin_phone=\u00bb\u00bb custom_margin_last_edited=\u00bbon|desktop\u00bb custom_padding=\u00bb0px||0px||false|false\u00bb text_font_size_tablet=\u00bb2.3vw\u00bb text_font_size_phone=\u00bb3.7vw\u00bb text_font_size_last_edited=\u00bbon|phone\u00bb use_border_color=\u00bboff\u00bb border_color=\u00bb#ffffff\u00bb border_style=\u00bbsolid\u00bb]<\/p>\n<ul>\n<li><strong>Para aquellos que no conozcan Aaban , \u00bfpuedes explicarnos cu\u00e1ndo naci\u00f3 y c\u00f3mo funciona?<\/strong><\/li>\n<\/ul>\n<p>Naci\u00f3 a finales de 2014. Es una asociaci\u00f3n (<span style=\"color: #0000ff;\"><a href=\"http:\/\/www.aaban.org\/\" style=\"color: #0000ff;\">www.aaban.org<\/a><\/span>) sin \u00e1nimo de lucro que se financia con las cuotas de sus socios y se basa en la inteligencia colectiva de sus socios (todos con una experiencia de +25 a\u00f1os) y en una plataforma tecnol\u00f3gica muy potente que pone en contacto proyectos e inversi\u00f3n. En la p\u00e1gina web puedes encontrar toda la informaci\u00f3n para inversores y startups.<\/p>\n<p>[\/et_pb_text][\/et_pb_column][\/et_pb_row][et_pb_row _builder_version=\u00bb4.7.3&#8243; _module_preset=\u00bbdefault\u00bb][et_pb_column type=\u00bb4_4&#8243; _builder_version=\u00bb4.7.3&#8243; _module_preset=\u00bbdefault\u00bb][et_pb_text admin_label=\u00bbText\u00bb _builder_version=\u00bb4.7.7&#8243; text_font=\u00bb||||||||\u00bb text_text_color=\u00bb#363636&#8243; text_font_size=\u00bb1.2vw\u00bb text_line_height=\u00bb1.4em\u00bb background_size=\u00bbinitial\u00bb background_position=\u00bbtop_left\u00bb background_repeat=\u00bbrepeat\u00bb custom_margin=\u00bb28px||7px||false|false\u00bb custom_margin_tablet=\u00bb0%||||false|false\u00bb custom_margin_phone=\u00bb\u00bb custom_margin_last_edited=\u00bbon|desktop\u00bb custom_padding=\u00bb0px||0px||false|false\u00bb text_font_size_tablet=\u00bb2.3vw\u00bb text_font_size_phone=\u00bb3.7vw\u00bb text_font_size_last_edited=\u00bbon|phone\u00bb use_border_color=\u00bboff\u00bb border_color=\u00bb#ffffff\u00bb border_style=\u00bbsolid\u00bb]<\/p>\n<ul>\n<li><strong>Siempre se dice que en toda crisis, hay oportunidades. \u00bfCrees que realmente es as\u00ed?<\/strong><\/li>\n<\/ul>\n<p>Claro que s\u00ed, y las crisis suelen generar grandes campeones.[\/et_pb_text][et_pb_text admin_label=\u00bbText\u00bb _builder_version=\u00bb4.7.7&#8243; text_font=\u00bb||||||||\u00bb text_text_color=\u00bb#363636&#8243; text_font_size=\u00bb1.2vw\u00bb text_line_height=\u00bb1.4em\u00bb background_size=\u00bbinitial\u00bb background_position=\u00bbtop_left\u00bb background_repeat=\u00bbrepeat\u00bb custom_margin=\u00bb28px||7px||false|false\u00bb custom_margin_tablet=\u00bb0%||||false|false\u00bb custom_margin_phone=\u00bb\u00bb custom_margin_last_edited=\u00bbon|desktop\u00bb custom_padding=\u00bb0px||0px||false|false\u00bb text_font_size_tablet=\u00bb2.3vw\u00bb text_font_size_phone=\u00bb3.7vw\u00bb text_font_size_last_edited=\u00bbon|phone\u00bb use_border_color=\u00bboff\u00bb border_color=\u00bb#ffffff\u00bb border_style=\u00bbsolid\u00bb]<\/p>\n<ul>\n<li><strong>\u00bfEchas en falta proyectos m\u00e1s tecnol\u00f3gicos e innovadores?<\/strong><\/li>\n<\/ul>\n<p>Yo echo en falta, no tanto proyectos e ideas, que hay un n\u00famero importante, si no un mayor conocimiento en c\u00f3mo hacer un proyecto invertible.[\/et_pb_text][et_pb_text admin_label=\u00bbText\u00bb _builder_version=\u00bb4.7.7&#8243; text_font=\u00bb||||||||\u00bb text_text_color=\u00bb#363636&#8243; text_font_size=\u00bb1.2vw\u00bb text_line_height=\u00bb1.4em\u00bb background_size=\u00bbinitial\u00bb background_position=\u00bbtop_left\u00bb background_repeat=\u00bbrepeat\u00bb custom_margin=\u00bb28px||7px||false|false\u00bb custom_margin_tablet=\u00bb0%||||false|false\u00bb custom_margin_phone=\u00bb\u00bb custom_margin_last_edited=\u00bbon|desktop\u00bb custom_padding=\u00bb0px||0px||false|false\u00bb text_font_size_tablet=\u00bb2.3vw\u00bb text_font_size_phone=\u00bb3.7vw\u00bb text_font_size_last_edited=\u00bbon|phone\u00bb use_border_color=\u00bboff\u00bb border_color=\u00bb#ffffff\u00bb border_style=\u00bbsolid\u00bb]<\/p>\n<ul>\n<li><strong>Teniendo en cuenta los cambios mundiales que est\u00e1n teniendo lugar con la situaci\u00f3n del Covid, \u00bfpiensas que el teletrabajo puede cambiar nuestro futuro?<\/strong><\/li>\n<\/ul>\n<p>S\u00ed, creo que nuestra forma de trabajar en el futuro va a basarse m\u00e1s en herramientas y entorno digital.[\/et_pb_text][et_pb_text admin_label=\u00bbText\u00bb _builder_version=\u00bb4.7.7&#8243; text_font=\u00bb||||||||\u00bb text_text_color=\u00bb#363636&#8243; text_font_size=\u00bb1.2vw\u00bb text_line_height=\u00bb1.4em\u00bb background_size=\u00bbinitial\u00bb background_position=\u00bbtop_left\u00bb background_repeat=\u00bbrepeat\u00bb custom_margin=\u00bb28px||7px||false|false\u00bb custom_margin_tablet=\u00bb0%||||false|false\u00bb custom_margin_phone=\u00bb\u00bb custom_margin_last_edited=\u00bbon|desktop\u00bb custom_padding=\u00bb0px||0px||false|false\u00bb text_font_size_tablet=\u00bb2.3vw\u00bb text_font_size_phone=\u00bb3.7vw\u00bb text_font_size_last_edited=\u00bbon|phone\u00bb use_border_color=\u00bboff\u00bb border_color=\u00bb#ffffff\u00bb border_style=\u00bbsolid\u00bb]<\/p>\n<ul>\n<li><strong>Hemos le\u00eddo en alguna entrevista anterior tuya que se espera que en 2022 Andaluc\u00eda tenga su primer \u00abunicornio\u00bb. \u00bfPuedes ampliarnos un poco tu comentario y, si es posible, facilitarnos alg\u00fan nombre? <\/strong><\/li>\n<\/ul>\n<p>En esa entrevista lo planteaba como un deseo a futuro, no necesariamente para 2022. Pero sinceramente creo que tenemos ya compa\u00f1\u00edas que han cerrado series B (SmartProtection) o que han superado valoraciones en el entorno de los cientos de euros (Freepik) que pueden dar el salto. Al final llegar a tener un unicornio est\u00e1 relacionado con nuestra capacidad para generar startups que crezcan y escalen en el tiempo.<\/p>\n<p>[\/et_pb_text][et_pb_text admin_label=\u00bbText\u00bb _builder_version=\u00bb4.7.7&#8243; text_font=\u00bb||||||||\u00bb text_text_color=\u00bb#363636&#8243; text_font_size=\u00bb1.2vw\u00bb text_line_height=\u00bb1.4em\u00bb background_size=\u00bbinitial\u00bb background_position=\u00bbtop_left\u00bb background_repeat=\u00bbrepeat\u00bb custom_margin=\u00bb28px||7px||false|false\u00bb custom_margin_tablet=\u00bb0%||||false|false\u00bb custom_margin_phone=\u00bb\u00bb custom_margin_last_edited=\u00bbon|desktop\u00bb custom_padding=\u00bb0px||0px||false|false\u00bb text_font_size_tablet=\u00bb2.3vw\u00bb text_font_size_phone=\u00bb3.7vw\u00bb text_font_size_last_edited=\u00bbon|phone\u00bb use_border_color=\u00bboff\u00bb border_color=\u00bb#ffffff\u00bb border_style=\u00bbsolid\u00bb]<\/p>\n<ul>\n<li><strong>\u00bfPor qu\u00e9 Andaluc\u00eda es uno de los lugares con m\u00e1s potencial para invertir? <\/strong><\/li>\n<\/ul>\n<p>Por que hay mucho talento y las valoraciones de las empresas son m\u00e1s bajas que en otros sitios.[\/et_pb_text][\/et_pb_column][\/et_pb_row][et_pb_row column_structure=\u00bb1_2,1_2&#8243; _builder_version=\u00bb3.29.3&#8243; custom_padding=\u00bb||25px|||\u00bb][et_pb_column type=\u00bb1_2&#8243; _builder_version=\u00bb3.29.3&#8243;][et_pb_image src=\u00bbhttp:\/\/fincasolmark.com\/wp-content\/uploads\/2021\/01\/scaleup-110.jpeg\u00bb alt=\u00bbCaminito del Rey &#8211; Patrimonio de la Humanidad\u00bb title_text=\u00bbBorja Maza\u00bb align=\u00bbcenter\u00bb _builder_version=\u00bb4.7.7&#8243; max_width=\u00bb100%\u00bb module_alignment=\u00bbcenter\u00bb custom_margin=\u00bb0px|||||\u00bb box_shadow_style=\u00bbpreset1&#8243;][\/et_pb_image][\/et_pb_column][et_pb_column type=\u00bb1_2&#8243; _builder_version=\u00bb3.29.3&#8243;][et_pb_text admin_label=\u00bbText\u00bb _builder_version=\u00bb4.7.7&#8243; text_font=\u00bb||||||||\u00bb text_text_color=\u00bb#363636&#8243; text_font_size=\u00bb1.2vw\u00bb text_line_height=\u00bb1.4em\u00bb background_size=\u00bbinitial\u00bb background_position=\u00bbtop_left\u00bb background_repeat=\u00bbrepeat\u00bb custom_margin=\u00bb8px||7px||false|false\u00bb custom_margin_tablet=\u00bb0%||||false|false\u00bb custom_margin_phone=\u00bb\u00bb custom_margin_last_edited=\u00bbon|desktop\u00bb custom_padding=\u00bb0px||0px||false|false\u00bb text_font_size_tablet=\u00bb2.3vw\u00bb text_font_size_phone=\u00bb3.7vw\u00bb text_font_size_last_edited=\u00bbon|phone\u00bb use_border_color=\u00bboff\u00bb border_color=\u00bb#ffffff\u00bb border_style=\u00bbsolid\u00bb]<\/p>\n<ul>\n<li><strong>Hay quienes hablan de un aut\u00e9ntico florecimiento tecnol\u00f3gico en los pr\u00f3ximos 2 a\u00f1os. \u00bfA qu\u00e9 se debe?<\/strong><\/li>\n<\/ul>\n<p>Yo dir\u00eda que la tecnolog\u00eda ya ha cambiado nuestras vidas. En los pr\u00f3ximos a\u00f1os, la conjunci\u00f3n de la biotecnolog\u00eda, la digitalizaci\u00f3n y la inteligencia artificial va a seguir impact\u00e1ndola.<\/p>\n<p>[\/et_pb_text][\/et_pb_column][\/et_pb_row][et_pb_row _builder_version=\u00bb3.29.3&#8243; custom_padding=\u00bb||25px|||\u00bb][et_pb_column type=\u00bb4_4&#8243; _builder_version=\u00bb3.29.3&#8243;][et_pb_text admin_label=\u00bbText\u00bb _builder_version=\u00bb4.7.7&#8243; text_font=\u00bb||||||||\u00bb text_text_color=\u00bb#363636&#8243; text_font_size=\u00bb1.2vw\u00bb text_line_height=\u00bb1.4em\u00bb background_size=\u00bbinitial\u00bb background_position=\u00bbtop_left\u00bb background_repeat=\u00bbrepeat\u00bb custom_margin=\u00bb28px||7px||false|false\u00bb custom_margin_tablet=\u00bb0%||||false|false\u00bb custom_margin_phone=\u00bb\u00bb custom_margin_last_edited=\u00bbon|desktop\u00bb custom_padding=\u00bb0px||0px||false|false\u00bb text_font_size_tablet=\u00bb2.3vw\u00bb text_font_size_phone=\u00bb3.7vw\u00bb text_font_size_last_edited=\u00bbon|phone\u00bb use_border_color=\u00bboff\u00bb border_color=\u00bb#ffffff\u00bb border_style=\u00bbsolid\u00bb]<\/p>\n<ul>\n<li><strong>Andaluc\u00eda se est\u00e1 consolidando como uno de los referentes para algunos inversores extranjeros, como por ejemplo el brit\u00e1nico. \u00bfQu\u00e9 mensaje te gustar\u00eda hacer llegar a los suecos para que vengan a esta maravillosa tierra y vean el potencial de negocio que existe aqu\u00ed? <\/strong><\/li>\n<\/ul>\n<p>Que no s\u00f3lo piensen en el potencial inmobiliario o tur\u00edstico, si no que den el paso a diversificar y entrar en sectores de alto impacto y crecimiento como las startups. Nosotros tenemos socios holandeses, ingleses, alemanes, pero por ahora, ninguno sueco.[\/et_pb_text][et_pb_text admin_label=\u00bbText\u00bb _builder_version=\u00bb4.7.7&#8243; text_font=\u00bb||||||||\u00bb text_text_color=\u00bb#363636&#8243; text_font_size=\u00bb1.2vw\u00bb text_line_height=\u00bb1.4em\u00bb background_size=\u00bbinitial\u00bb background_position=\u00bbtop_left\u00bb background_repeat=\u00bbrepeat\u00bb custom_margin=\u00bb28px||7px||false|false\u00bb custom_margin_tablet=\u00bb0%||||false|false\u00bb custom_margin_phone=\u00bb\u00bb custom_margin_last_edited=\u00bbon|desktop\u00bb custom_padding=\u00bb0px||0px||false|false\u00bb text_font_size_tablet=\u00bb2.3vw\u00bb text_font_size_phone=\u00bb3.7vw\u00bb text_font_size_last_edited=\u00bbon|phone\u00bb use_border_color=\u00bboff\u00bb border_color=\u00bb#ffffff\u00bb border_style=\u00bbsolid\u00bb]<\/p>\n<ul>\n<li><strong>Todos los d\u00edas surgen nuevos proyectos pero \u00bfconsideras que a\u00fan deber\u00eda haber muchos m\u00e1s? \u00bfDe qu\u00e9 sectores en concreto consideras que a\u00fan nos falta recorrido? <\/strong><\/li>\n<\/ul>\n<p>Es bueno que haya m\u00e1s proyectos claro, pero sobre todo proyectos m\u00e1s preparados con la ambici\u00f3n de ser proyectos de alto crecimiento y tambi\u00e9n m\u00e1s inversi\u00f3n dirigida a este sector.[\/et_pb_text][et_pb_text admin_label=\u00bbText\u00bb _builder_version=\u00bb4.7.7&#8243; text_font=\u00bb||||||||\u00bb text_text_color=\u00bb#363636&#8243; text_font_size=\u00bb1.2vw\u00bb text_line_height=\u00bb1.4em\u00bb background_size=\u00bbinitial\u00bb background_position=\u00bbtop_left\u00bb background_repeat=\u00bbrepeat\u00bb custom_margin=\u00bb28px||7px||false|false\u00bb custom_margin_tablet=\u00bb0%||||false|false\u00bb custom_margin_phone=\u00bb\u00bb custom_margin_last_edited=\u00bbon|desktop\u00bb custom_padding=\u00bb0px||0px||false|false\u00bb text_font_size_tablet=\u00bb2.3vw\u00bb text_font_size_phone=\u00bb3.7vw\u00bb text_font_size_last_edited=\u00bbon|phone\u00bb use_border_color=\u00bboff\u00bb border_color=\u00bb#ffffff\u00bb border_style=\u00bbsolid\u00bb]<\/p>\n<ul>\n<li><strong>\u00bfQu\u00e9 debe tener \u00abel proyecto ideal\u00bb para que un inversor quiera invertir en \u00e9l?<\/strong><\/li>\n<\/ul>\n<p>Recomiendo que ve\u00e1is el perfil del business angel en Andaluc\u00eda que publicamos todos los a\u00f1os en nuestra p\u00e1gina web, donde se detalla esa informaci\u00f3n. B\u00e1sicamente, una soluci\u00f3n innovadora a un problema o necesidad que tenga un mercado grande con capacidad de absorber el crecimiento y un equipo con la ambici\u00f3n de lograrlo.<\/p>\n<p>[\/et_pb_text][et_pb_text admin_label=\u00bbText\u00bb _builder_version=\u00bb4.7.7&#8243; text_font=\u00bb||||||||\u00bb text_text_color=\u00bb#363636&#8243; text_font_size=\u00bb1.2vw\u00bb text_line_height=\u00bb1.4em\u00bb background_size=\u00bbinitial\u00bb background_position=\u00bbtop_left\u00bb background_repeat=\u00bbrepeat\u00bb custom_margin=\u00bb28px||7px||false|false\u00bb custom_margin_tablet=\u00bb0%||||false|false\u00bb custom_margin_phone=\u00bb\u00bb custom_margin_last_edited=\u00bbon|desktop\u00bb custom_padding=\u00bb0px||0px||false|false\u00bb text_font_size_tablet=\u00bb2.3vw\u00bb text_font_size_phone=\u00bb3.7vw\u00bb text_font_size_last_edited=\u00bbon|phone\u00bb use_border_color=\u00bboff\u00bb border_color=\u00bb#ffffff\u00bb border_style=\u00bbsolid\u00bb]<\/p>\n<ul>\n<li><strong>\u00bfPuedes facilitarnos algunas cifras num\u00e9ricas sobre cu\u00e1ntos proyectos se han presentado a trav\u00e9s de la plataforma y cu\u00e1ntos han llegado a fin? <\/strong><\/li>\n<\/ul>\n<p>Un 15% de los proyectos se invierten y llegan y se analizan 100 proyectos anualmente.[\/et_pb_text][et_pb_text admin_label=\u00bbText\u00bb _builder_version=\u00bb4.7.7&#8243; text_font=\u00bb||||||||\u00bb text_text_color=\u00bb#363636&#8243; text_font_size=\u00bb1.2vw\u00bb text_line_height=\u00bb1.4em\u00bb background_size=\u00bbinitial\u00bb background_position=\u00bbtop_left\u00bb background_repeat=\u00bbrepeat\u00bb custom_margin=\u00bb28px||7px||false|false\u00bb custom_margin_tablet=\u00bb0%||||false|false\u00bb custom_margin_phone=\u00bb\u00bb custom_margin_last_edited=\u00bbon|desktop\u00bb custom_padding=\u00bb0px||0px||false|false\u00bb text_font_size_tablet=\u00bb2.3vw\u00bb text_font_size_phone=\u00bb3.7vw\u00bb text_font_size_last_edited=\u00bbon|phone\u00bb use_border_color=\u00bboff\u00bb border_color=\u00bb#ffffff\u00bb border_style=\u00bbsolid\u00bb]<\/p>\n<ul>\n<li><strong>Aunque es imposible mencionar todos en una entrevista de estas caracter\u00edsticas, \u00bfpuedes facilitarnos los nombres de algunos de los \u00abbusiness angel\u00bb con m\u00e1s iniciativa en Andaluc\u00eda? <\/strong><\/li>\n<\/ul>\n<p>Es dif\u00edcil se\u00f1alar a alguien, porque los hay con m\u00e1s proyectos, otros con m\u00e1s \u00e9xito, otros con m\u00e1s volumen. Referirme a los miembros de nuestra junta directiva.[\/et_pb_text][et_pb_text admin_label=\u00bbText\u00bb _builder_version=\u00bb4.7.7&#8243; text_font=\u00bb||||||||\u00bb text_text_color=\u00bb#363636&#8243; text_font_size=\u00bb1.2vw\u00bb text_line_height=\u00bb1.4em\u00bb background_size=\u00bbinitial\u00bb background_position=\u00bbtop_left\u00bb background_repeat=\u00bbrepeat\u00bb custom_margin=\u00bb28px||7px||false|false\u00bb custom_margin_tablet=\u00bb0%||||false|false\u00bb custom_margin_phone=\u00bb\u00bb custom_margin_last_edited=\u00bbon|desktop\u00bb custom_padding=\u00bb0px||0px||false|false\u00bb text_font_size_tablet=\u00bb2.3vw\u00bb text_font_size_phone=\u00bb3.7vw\u00bb text_font_size_last_edited=\u00bbon|phone\u00bb use_border_color=\u00bboff\u00bb border_color=\u00bb#ffffff\u00bb border_style=\u00bbsolid\u00bb]<\/p>\n<ul>\n<li><strong>\u00bfHa habido este a\u00f1o alg\u00fan proyecto interesante que te haya llamado especialmente la atenci\u00f3n? <\/strong><\/li>\n<\/ul>\n<p>Ha habido algunos muy interesantes y donde hemos cerrado rondas con nuestros socios.[\/et_pb_text][et_pb_text admin_label=\u00bbText\u00bb _builder_version=\u00bb4.7.7&#8243; text_font=\u00bb||||||||\u00bb text_text_color=\u00bb#363636&#8243; text_font_size=\u00bb1.2vw\u00bb text_line_height=\u00bb1.4em\u00bb background_size=\u00bbinitial\u00bb background_position=\u00bbtop_left\u00bb background_repeat=\u00bbrepeat\u00bb custom_margin=\u00bb28px||7px||false|false\u00bb custom_margin_tablet=\u00bb0%||||false|false\u00bb custom_margin_phone=\u00bb\u00bb custom_margin_last_edited=\u00bbon|desktop\u00bb custom_padding=\u00bb0px||0px||false|false\u00bb text_font_size_tablet=\u00bb2.3vw\u00bb text_font_size_phone=\u00bb3.7vw\u00bb text_font_size_last_edited=\u00bbon|phone\u00bb use_border_color=\u00bboff\u00bb border_color=\u00bb#ffffff\u00bb border_style=\u00bbsolid\u00bb]<\/p>\n<ul>\n<li><strong>Aunque sigue aumentando cada d\u00eda el n\u00famero de mujeres en puestos directivos, \u00bfpiensas que a\u00fan es escaso? <\/strong><\/li>\n<\/ul>\n<p>S\u00ed, pienso que en un futuro ideal, deber\u00eda ser un reflejo de nuestra sociedad.[\/et_pb_text][et_pb_text admin_label=\u00bbText\u00bb _builder_version=\u00bb4.7.7&#8243; text_font=\u00bb||||||||\u00bb text_text_color=\u00bb#363636&#8243; text_font_size=\u00bb1.2vw\u00bb text_line_height=\u00bb1.4em\u00bb background_size=\u00bbinitial\u00bb background_position=\u00bbtop_left\u00bb background_repeat=\u00bbrepeat\u00bb custom_margin=\u00bb28px||7px||false|false\u00bb custom_margin_tablet=\u00bb0%||||false|false\u00bb custom_margin_phone=\u00bb\u00bb custom_margin_last_edited=\u00bbon|desktop\u00bb custom_padding=\u00bb0px||0px||false|false\u00bb text_font_size_tablet=\u00bb2.3vw\u00bb text_font_size_phone=\u00bb3.7vw\u00bb text_font_size_last_edited=\u00bbon|phone\u00bb use_border_color=\u00bboff\u00bb border_color=\u00bb#ffffff\u00bb border_style=\u00bbsolid\u00bb]<\/p>\n<ul>\n<li><strong>\u00bfCu\u00e1les son las principales trabas a las que se tienen que enfrentar? <\/strong><\/li>\n<\/ul>\n<p>Me gustar\u00eda transformar esta pregunta en positivo. Creo que la digitalizaci\u00f3n es una oportunidad clave para las mujeres, y la tecnolog\u00eda su herramienta para poder conciliar su vida familiar y profesional. Y visualizar su ambici\u00f3n y desarrollar sus redes como tradicionalmente siempre han hecho los hombres, pero estaba peor visto en las mujeres.[\/et_pb_text][et_pb_text admin_label=\u00bbText\u00bb _builder_version=\u00bb4.7.7&#8243; text_font=\u00bb||||||||\u00bb text_text_color=\u00bb#363636&#8243; text_font_size=\u00bb1.2vw\u00bb text_line_height=\u00bb1.4em\u00bb background_size=\u00bbinitial\u00bb background_position=\u00bbtop_left\u00bb background_repeat=\u00bbrepeat\u00bb custom_margin=\u00bb28px||7px||false|false\u00bb custom_margin_tablet=\u00bb0%||||false|false\u00bb custom_margin_phone=\u00bb\u00bb custom_margin_last_edited=\u00bbon|desktop\u00bb custom_padding=\u00bb0px||0px||false|false\u00bb text_font_size_tablet=\u00bb2.3vw\u00bb text_font_size_phone=\u00bb3.7vw\u00bb text_font_size_last_edited=\u00bbon|phone\u00bb use_border_color=\u00bboff\u00bb border_color=\u00bb#ffffff\u00bb border_style=\u00bbsolid\u00bb]<\/p>\n<ul>\n<li><strong>\u00bfAlguna sugerencia para animar a las mujeres a que den el paso a emprender? <\/strong><\/li>\n<\/ul>\n<p>Ser su propia jefa es un lujo.[\/et_pb_text][et_pb_text admin_label=\u00bbText\u00bb _builder_version=\u00bb4.7.7&#8243; text_font=\u00bb||||||||\u00bb text_text_color=\u00bb#363636&#8243; text_font_size=\u00bb1.2vw\u00bb text_line_height=\u00bb1.4em\u00bb background_size=\u00bbinitial\u00bb background_position=\u00bbtop_left\u00bb background_repeat=\u00bbrepeat\u00bb custom_margin=\u00bb28px||7px||false|false\u00bb custom_margin_tablet=\u00bb0%||||false|false\u00bb custom_margin_phone=\u00bb\u00bb custom_margin_last_edited=\u00bbon|desktop\u00bb custom_padding=\u00bb0px||0px||false|false\u00bb text_font_size_tablet=\u00bb2.3vw\u00bb text_font_size_phone=\u00bb3.7vw\u00bb text_font_size_last_edited=\u00bbon|phone\u00bb use_border_color=\u00bboff\u00bb border_color=\u00bb#ffffff\u00bb border_style=\u00bbsolid\u00bb]<\/p>\n<ul>\n<li><strong>\u00bfC\u00f3mo definir\u00edas tu estilo de liderazgo? <\/strong><\/li>\n<\/ul>\n<p>Es dif\u00edcil definirse a una misma, pero te dar\u00eda algunas palabras clave: participaci\u00f3n, aportar valor a los dem\u00e1s, y orientaci\u00f3n a resultados.[\/et_pb_text][et_pb_text admin_label=\u00bbText\u00bb _builder_version=\u00bb4.7.7&#8243; text_font=\u00bb||||||||\u00bb text_text_color=\u00bb#363636&#8243; text_font_size=\u00bb1.2vw\u00bb text_line_height=\u00bb1.4em\u00bb background_size=\u00bbinitial\u00bb background_position=\u00bbtop_left\u00bb background_repeat=\u00bbrepeat\u00bb custom_margin=\u00bb28px||7px||false|false\u00bb custom_margin_tablet=\u00bb0%||||false|false\u00bb custom_margin_phone=\u00bb\u00bb custom_margin_last_edited=\u00bbon|desktop\u00bb custom_padding=\u00bb0px||0px||false|false\u00bb text_font_size_tablet=\u00bb2.3vw\u00bb text_font_size_phone=\u00bb3.7vw\u00bb text_font_size_last_edited=\u00bbon|phone\u00bb use_border_color=\u00bboff\u00bb border_color=\u00bb#ffffff\u00bb border_style=\u00bbsolid\u00bb]<\/p>\n<ul>\n<li><strong>Ahondando un poco en tu parte m\u00e1s personal, \u00bfc\u00f3mo te definir\u00edas en una palabra?<\/strong><\/li>\n<\/ul>\n<p>Apasionada.[\/et_pb_text][\/et_pb_column][\/et_pb_row][et_pb_row _builder_version=\u00bb4.6.1&#8243; _module_preset=\u00bbdefault\u00bb custom_padding=\u00bb||3px|||\u00bb][et_pb_column type=\u00bb4_4&#8243; _builder_version=\u00bb4.6.1&#8243; _module_preset=\u00bbdefault\u00bb][et_pb_image src=\u00bbhttp:\/\/fincasolmark.com\/wp-content\/uploads\/2021\/01\/finca_solmark-entrevista-maria-luisa-garcia-01.jpg\u00bb alt=\u00bbCaminito del Rey &#8211; Patrimonio de la Humanidad\u00bb title_text=\u00bbfinca_solmark-entrevista-maria-luisa-garcia-01&#8243; align=\u00bbcenter\u00bb _builder_version=\u00bb4.7.7&#8243; max_width=\u00bb100%\u00bb module_alignment=\u00bbcenter\u00bb custom_margin=\u00bb0px|||||\u00bb hover_enabled=\u00bb0&#8243; box_shadow_style=\u00bbpreset1&#8243; sticky_enabled=\u00bb0&#8243;][\/et_pb_image][et_pb_text admin_label=\u00bbText\u00bb _builder_version=\u00bb4.7.7&#8243; text_font=\u00bb||||||||\u00bb text_text_color=\u00bb#363636&#8243; text_font_size=\u00bb1.2vw\u00bb text_line_height=\u00bb1.4em\u00bb background_size=\u00bbinitial\u00bb background_position=\u00bbtop_left\u00bb background_repeat=\u00bbrepeat\u00bb custom_margin=\u00bb16px||7px||false|false\u00bb custom_margin_tablet=\u00bb0%||||false|false\u00bb custom_margin_phone=\u00bb\u00bb custom_margin_last_edited=\u00bbon|desktop\u00bb custom_padding=\u00bb0px||0px||false|false\u00bb text_font_size_tablet=\u00bb2.3vw\u00bb text_font_size_phone=\u00bb3.7vw\u00bb text_font_size_last_edited=\u00bbon|phone\u00bb use_border_color=\u00bboff\u00bb border_color=\u00bb#ffffff\u00bb border_style=\u00bbsolid\u00bb]<\/p>\n<ul>\n<li><strong>\u00bfCu\u00e1l es para ti la clave para mantener la calma y el \u00e1nimo en estos momentos tan convulsos e inciertos que estamos viviendo?<\/strong><\/li>\n<\/ul>\n<p>Intento ocupar mi mente s\u00f3lo con las cosas en las cuales yo puedo tener un impacto. Me inquieta que haya tanta gente hablando, juzgando, horroriz\u00e1ndose, criticando y dedicando su tiempo a cosas sobre las que no tienen ninguna influencia.[\/et_pb_text][et_pb_text admin_label=\u00bbText\u00bb _builder_version=\u00bb4.7.7&#8243; text_font=\u00bb||||||||\u00bb text_text_color=\u00bb#363636&#8243; text_font_size=\u00bb1.2vw\u00bb text_line_height=\u00bb1.4em\u00bb background_size=\u00bbinitial\u00bb background_position=\u00bbtop_left\u00bb background_repeat=\u00bbrepeat\u00bb custom_margin=\u00bb28px||7px||false|false\u00bb custom_margin_tablet=\u00bb0%||||false|false\u00bb custom_margin_phone=\u00bb\u00bb custom_margin_last_edited=\u00bbon|desktop\u00bb custom_padding=\u00bb0px||0px||false|false\u00bb text_font_size_tablet=\u00bb2.3vw\u00bb text_font_size_phone=\u00bb3.7vw\u00bb text_font_size_last_edited=\u00bbon|phone\u00bb use_border_color=\u00bboff\u00bb border_color=\u00bb#ffffff\u00bb border_style=\u00bbsolid\u00bb]<\/p>\n<ul>\n<li><strong>\u00bfC\u00f3mo compaginas el ser Inversora, Consejera, Profesora, Madre, etc?<\/strong><\/li>\n<\/ul>\n<p>Con naturalidad y organizaci\u00f3n.[\/et_pb_text][et_pb_text admin_label=\u00bbText\u00bb _builder_version=\u00bb4.7.7&#8243; text_font=\u00bb||||||||\u00bb text_text_color=\u00bb#363636&#8243; text_font_size=\u00bb1.2vw\u00bb text_line_height=\u00bb1.4em\u00bb background_size=\u00bbinitial\u00bb background_position=\u00bbtop_left\u00bb background_repeat=\u00bbrepeat\u00bb custom_margin=\u00bb28px||7px||false|false\u00bb custom_margin_tablet=\u00bb0%||||false|false\u00bb custom_margin_phone=\u00bb\u00bb custom_margin_last_edited=\u00bbon|desktop\u00bb custom_padding=\u00bb0px||0px||false|false\u00bb text_font_size_tablet=\u00bb2.3vw\u00bb text_font_size_phone=\u00bb3.7vw\u00bb text_font_size_last_edited=\u00bbon|phone\u00bb use_border_color=\u00bboff\u00bb border_color=\u00bb#ffffff\u00bb border_style=\u00bbsolid\u00bb]<\/p>\n<ul>\n<li><strong>Parece que est\u00e1 habiendo una tendencia en invertir en el mundo rural, energ\u00edas renovables, coworkings rurales, alimentaci\u00f3n ecol\u00f3gica&#8230;\u00bfQu\u00e9 opini\u00f3n te merecen este tipo de proyectos?<\/strong><\/li>\n<\/ul>\n<p>Est\u00e1 ya demostrado que muchas alergias e intolerancias provienen de la alimentaci\u00f3n, me parece un campo que crecer\u00e1 significativamente.[\/et_pb_text][et_pb_text admin_label=\u00bbText\u00bb _builder_version=\u00bb4.7.7&#8243; text_font=\u00bb||||||||\u00bb text_text_color=\u00bb#363636&#8243; text_font_size=\u00bb1.2vw\u00bb text_line_height=\u00bb1.4em\u00bb background_size=\u00bbinitial\u00bb background_position=\u00bbtop_left\u00bb background_repeat=\u00bbrepeat\u00bb custom_margin=\u00bb28px||7px||false|false\u00bb custom_margin_tablet=\u00bb0%||||false|false\u00bb custom_margin_phone=\u00bb\u00bb custom_margin_last_edited=\u00bbon|desktop\u00bb custom_padding=\u00bb0px||0px||false|false\u00bb text_font_size_tablet=\u00bb2.3vw\u00bb text_font_size_phone=\u00bb3.7vw\u00bb text_font_size_last_edited=\u00bbon|phone\u00bb use_border_color=\u00bboff\u00bb border_color=\u00bb#ffffff\u00bb border_style=\u00bbsolid\u00bb]<\/p>\n<ul>\n<li><strong>Finalmente, \u00bfqu\u00e9 opini\u00f3n te merece nuestra Finca Solmark?<\/strong><\/li>\n<\/ul>\n<p>Lamentablemente a\u00fan no he podido visitarla por las restricciones de la pandemia, pero espero hacerlo pronto.[\/et_pb_text][et_pb_text admin_label=\u00bbText\u00bb _builder_version=\u00bb4.7.7&#8243; text_font=\u00bb||||||||\u00bb text_text_color=\u00bb#363636&#8243; text_font_size=\u00bb1.2vw\u00bb text_line_height=\u00bb1.4em\u00bb background_size=\u00bbinitial\u00bb background_position=\u00bbtop_left\u00bb background_repeat=\u00bbrepeat\u00bb custom_margin=\u00bb28px||7px||false|false\u00bb custom_margin_tablet=\u00bb0%||||false|false\u00bb custom_margin_phone=\u00bb\u00bb custom_margin_last_edited=\u00bbon|desktop\u00bb custom_padding=\u00bb0px||0px||false|false\u00bb text_font_size_tablet=\u00bb2.3vw\u00bb text_font_size_phone=\u00bb3.7vw\u00bb text_font_size_last_edited=\u00bbon|phone\u00bb use_border_color=\u00bboff\u00bb border_color=\u00bb#ffffff\u00bb border_style=\u00bbsolid\u00bb]<\/p>\n<ul>\n<li><strong>\u00bfAlg\u00fan \u00faltimo comentario que quieras hacer llegar a nuestros lectores y comunidad de seguidores?<\/strong><\/li>\n<\/ul>\n<p>No hace falta mucho dinero para invertir en el sector semilla y si bien el riesgo es alto, si diversificas, las rentabilidades pueden multiplicar por 3 la rentabilidad del \u00edndice burs\u00e1til mundial. Y en Andaluc\u00eda los proyectos cuentan con valoraciones muy atractivas.[\/et_pb_text][\/et_pb_column][\/et_pb_row][\/et_pb_section][et_pb_section fb_built=\u00bb1&#8243; _builder_version=\u00bb3.29.3&#8243; custom_margin_tablet=\u00bb\u00bb custom_margin_phone=\u00bb\u00bb custom_margin_last_edited=\u00bbon|phone\u00bb custom_padding=\u00bb0px||0px||false|false\u00bb][et_pb_row column_structure=\u00bb1_2,1_2&#8243; _builder_version=\u00bb3.29.3&#8243;][et_pb_column type=\u00bb1_2&#8243; _builder_version=\u00bb3.29.3&#8243;][et_pb_image src=\u00bbhttp:\/\/fincasolmark.com\/wp-content\/uploads\/2019\/10\/finca_solmark_i_jornada_puertas_abiertas_casita_rural.jpg\u00bb _builder_version=\u00bb3.29.3&#8243; box_shadow_style=\u00bbpreset1&#8243;][\/et_pb_image][\/et_pb_column][et_pb_column type=\u00bb1_2&#8243; _builder_version=\u00bb3.29.3&#8243;][et_pb_text _builder_version=\u00bb4.2.1&#8243; text_font=\u00bb||||||||\u00bb text_text_color=\u00bb#363636&#8243; text_font_size=\u00bb1.2vw\u00bb text_line_height=\u00bb1.4em\u00bb background_size=\u00bbinitial\u00bb background_position=\u00bbtop_left\u00bb background_repeat=\u00bbrepeat\u00bb custom_margin=\u00bb10px||0px|\u00bb custom_padding=\u00bb0px|||||\u00bb text_font_size_tablet=\u00bb2.3vw\u00bb text_font_size_phone=\u00bb3.7vw\u00bb text_font_size_last_edited=\u00bbon|phone\u00bb]<\/p>\n<p><strong>SOBRE FINCA SOLMARK<\/strong><\/p>\n<p><strong><em>Finca Solmark<\/em><\/strong><em><span>\u00a0<\/span>es un<strong><span>\u00a0<\/span>EcoTurismo Rural<\/strong> de origen hispano-sueco que se dedica a la fabricaci\u00f3n, comercializaci\u00f3n y exportaci\u00f3n\u00a0de aceite de oliva, aguacate y otros productos ecol\u00f3gicos a Europa.\u00a0Dispone de un alojamiento rural con encanto y de varios proyectos de concienciaci\u00f3n, divulgaci\u00f3n y educaci\u00f3n medioambiental.<\/em><\/p>\n<p>&nbsp;<\/p>\n<p><strong>Web:<\/strong><span>\u00a0<\/span><a href=\"http:\/\/fincasolmark.com\/\">http:\/\/fincasolmark.com\/<\/a><\/p>\n<p><strong>E-mail:<\/strong><span>\u00a0<\/span><a href=\"mailto:hi@fincasolmark.com\">hi@fincasolmark.com<\/a><\/p>\n<p>[\/et_pb_text][\/et_pb_column][\/et_pb_row][\/et_pb_section]<\/p>\n","protected":false},"excerpt":{"rendered":"<p>Cuenta con una formaci\u00f3n y una trayectoria profesional brillantes. Le apasiona transformar ideas en modelos de negocio rentables, escalables y recurrentes. Es ingeniera industrial, m\u00e1ster en redes de telecomunicaciones, cuenta con estudios de doctorado y es Diplomada en Alta Direcci\u00f3n, diplomada en Buen Gobierno Corporativo por el Instituto de Consejeros y Administradores, y Coach Ejecutivo.<\/p>\n<p>Hoy entrevistamos a Mar\u00eda Luisa Garc\u00eda.<\/p>\n","protected":false},"author":1,"featured_media":251778,"comment_status":"closed","ping_status":"closed","sticky":false,"template":"","format":"standard","meta":{"_et_pb_use_builder":"on","_et_pb_old_content":"","_et_gb_content_width":"1080","footnotes":""},"categories":[120],"tags":[],"class_list":["post-251756","post","type-post","status-publish","format-standard","has-post-thumbnail","hentry","category-entrevistas"],"_links":{"self":[{"href":"https:\/\/fincasolmark.com\/es\/wp-json\/wp\/v2\/posts\/251756","targetHints":{"allow":["GET"]}}],"collection":[{"href":"https:\/\/fincasolmark.com\/es\/wp-json\/wp\/v2\/posts"}],"about":[{"href":"https:\/\/fincasolmark.com\/es\/wp-json\/wp\/v2\/types\/post"}],"author":[{"embeddable":true,"href":"https:\/\/fincasolmark.com\/es\/wp-json\/wp\/v2\/users\/1"}],"replies":[{"embeddable":true,"href":"https:\/\/fincasolmark.com\/es\/wp-json\/wp\/v2\/comments?post=251756"}],"version-history":[{"count":1,"href":"https:\/\/fincasolmark.com\/es\/wp-json\/wp\/v2\/posts\/251756\/revisions"}],"predecessor-version":[{"id":317288,"href":"https:\/\/fincasolmark.com\/es\/wp-json\/wp\/v2\/posts\/251756\/revisions\/317288"}],"wp:featuredmedia":[{"embeddable":true,"href":"https:\/\/fincasolmark.com\/es\/wp-json\/wp\/v2\/media\/251778"}],"wp:attachment":[{"href":"https:\/\/fincasolmark.com\/es\/wp-json\/wp\/v2\/media?parent=251756"}],"wp:term":[{"taxonomy":"category","embeddable":true,"href":"https:\/\/fincasolmark.com\/es\/wp-json\/wp\/v2\/categories?post=251756"},{"taxonomy":"post_tag","embeddable":true,"href":"https:\/\/fincasolmark.com\/es\/wp-json\/wp\/v2\/tags?post=251756"}],"curies":[{"name":"wp","href":"https:\/\/api.w.org\/{rel}","templated":true}]}}